{"id":8475,"date":"2021-01-29T15:13:00","date_gmt":"2021-01-29T14:13:00","guid":{"rendered":"https:\/\/fonsalade.com\/?p=8475"},"modified":"2025-01-06T10:58:26","modified_gmt":"2025-01-06T09:58:26","slug":"nomination-dun-nouveau-directeur-commercial","status":"publish","type":"post","link":"https:\/\/fonsalade.com\/en\/2021\/01\/29\/nomination-dun-nouveau-directeur-commercial\/","title":{"rendered":"Nomination d\u2019un nouveau Directeur Commercial"},"content":{"rendered":"<div data-elementor-type=\"wp-post\" data-elementor-id=\"8475\" class=\"elementor elementor-8475\">\n\t\t\t\t\t\t<section class=\"elementor-section elementor-top-section elementor-element elementor-element-eb5b27e elementor-section-boxed elementor-section-height-default elementor-section-height-default\" data-id=\"eb5b27e\" data-element_type=\"section\">\n\t\t\t\t\t\t<div class=\"elementor-container elementor-column-gap-default\">\n\t\t\t\t\t<div class=\"elementor-column elementor-col-100 elementor-top-column elementor-element elementor-element-1076eda\" data-id=\"1076eda\" data-element_type=\"column\">\n\t\t\t<div class=\"elementor-widget-wrap elementor-element-populated\">\n\t\t\t\t\t\t<div class=\"elementor-element elementor-element-4c338d5 elementor-widget elementor-widget-text-editor\" data-id=\"4c338d5\" data-element_type=\"widget\" data-widget_type=\"text-editor.default\">\n\t\t\t\t<div class=\"elementor-widget-container\">\n\t\t\t\t\t\t\t\t\t<p><strong>Nomination d\u2019un nouveau directeur commercial \u00e0 CH\u00c2TEAU FONSALADE (AOC ST CHINIAN et ST CHINIAN ROQUEBRUN)<\/strong><\/p><p>Adoss\u00e9 \u00e0 un groupe industriel, Ch\u00e2teau FONSALADE est la propri\u00e9t\u00e9 qui<br \/>a \u00e9t\u00e9 s\u00e9lectionn\u00e9e par la Famille Barbe en 2014 pour d\u00e9velopper la<br \/>branche viticole du groupe.<\/p><p>\u00ab <em>C\u2019est l\u2019une des plus anciennes propri\u00e9t\u00e9s de l\u2019appellation<br \/>Saint Chinian disposant de 25 ha sur de tr\u00e8s jolis terroirs et qui a<br \/>\u00e9norm\u00e9ment de potentiel. R\u00e9guli\u00e8rement not\u00e9e 90+ et d\u00e9j\u00e0 une valeur<br \/>s\u00fbre, notre ambition est de faire partie des meilleurs vins du Languedoc<br \/>et nous avons les moyens d\u2019y parveni<\/em>r \u00bb pr\u00e9cise C\u00e9dric Barbe.<\/p><p>Apr\u00e8s une phase de structuration de l\u2019outil de production et la mise<br \/>en place d\u2019une \u00e9quipe technique solide avec notamment l\u2019appui de Claude<br \/>Gros comme consultant oenologique, l\u2019arriv\u00e9e du nouveau Directeur<br \/>commercial, Laurent Causin, \u00e0 la t\u00eate du domaine est un signe fort de sa<br \/>volont\u00e9 de d\u00e9veloppement.<\/p><p>A 50 ans et dipl\u00f4m\u00e9 de deux Masters (Commerce &amp; Num\u00e9rique), il<br \/>n\u2019est pas un novice dans l\u2019univers viticole et l\u2019accompagnement de<br \/>structures. Ancien responsable commercial et marketing du m\u00e9dia<br \/>Vitisphere, rod\u00e9 dans la gestion de domaine, de cave coop\u00e9rative ou m\u00eame<br \/>de n\u00e9goce depuis plus de 20 ans, il est en charge du d\u00e9veloppement de<br \/>l\u2019activit\u00e9 viticole de la Famille BARBE : Ch\u00e2teau Fonsalade et n\u00e9goce<br \/>Felix Vini. Commercialisant d\u00e9j\u00e0 une partie de sa production<br \/>essentiellement sur le secteur traditionnel, Laurent Causin souhaite<br \/>dynamiser l\u2019ancrage sur le march\u00e9 local et domestique du CH\u00c2TEAU<br \/>FONSALADE tout en donnant une impulsion \u00e0 la gamme, travailler de<br \/>nouveaux supports marketing, notamment digitaux avec une strat\u00e9gie B2B \u2013<br \/>B2C d\u00e9di\u00e9e (comme en cr\u00e9ant \u00e0 court terme une offre oenotouristique)<br \/>mais aussi continuer \u00e0 asseoir le domaine sur les march\u00e9s export<br \/>prioritaires comme les USA ou l\u2019Asie. Cet attrait que porte la famille<br \/>Barbe au vignoble languedocien est telle, qu\u2019au-del\u00e0 de ce domaine, ils<br \/>souhaitent continuer \u00e0 investir et d\u00e9nicher d\u2019autres propri\u00e9t\u00e9s pour<br \/>cr\u00e9er avec ses \u00e9quipes, un ensemble viticole familial. Un projet<br \/>d\u2019envergure et une belle aventure en perspective se dessinent doucement<br \/>mais s\u00fbrement.<\/p><p>Plus d&rsquo;informations sur Laurent Causin : https:\/\/www.linkedin.com\/in\/laurent-causin-4bb93671\/<\/p>\t\t\t\t\t\t\t\t<\/div>\n\t\t\t\t<\/div>\n\t\t\t\t\t<\/div>\n\t\t<\/div>\n\t\t\t\t\t<\/div>\n\t\t<\/section>\n\t\t\t\t<\/div>","protected":false},"excerpt":{"rendered":"<p>Nomination d\u2019un nouveau directeur commercial \u00e0 CH\u00c2TEAU FONSALADE (AOC ST CHINIAN et ST CHINIAN ROQUEBRUN) Adoss\u00e9 \u00e0 un groupe industriel, Ch\u00e2teau FONSALADE est la propri\u00e9t\u00e9 qui a \u00e9t\u00e9 s\u00e9lectionn\u00e9e par la Famille Barbe en 2014 pour d\u00e9velopper la branche viticole du groupe. \u00ab C\u2019est l\u2019une des plus anciennes propri\u00e9t\u00e9s de l\u2019appellation Saint Chinian disposant de [&hellip;]<\/p>","protected":false},"author":1,"featured_media":0,"comment_status":"closed","ping_status":"open","sticky":false,"template":"","format":"standard","meta":{"inline_featured_image":false,"footnotes":""},"categories":[55],"tags":[],"class_list":["post-8475","post","type-post","status-publish","format-standard","hentry","category-actu"],"yoast_head":"<!-- This site is optimized with the Yoast SEO plugin v24.5 - https:\/\/yoast.com\/wordpress\/plugins\/seo\/ -->\n<title>Nomination d\u2019un nouveau Directeur Commercial | Fonsalade<\/title>\n<meta name=\"description\" content=\"Laurent Causin a \u00e9t\u00e9 nomm\u00e9 Directeur Commercial du Ch\u00e2teau Fonsalade en ce d\u00e9but d&#039;ann\u00e9e 2021. Une nouvelle impulsion pour le domaine.\" \/>\n<meta name=\"robots\" content=\"index, follow, max-snippet:-1, max-image-preview:large, max-video-preview:-1\" \/>\n<link rel=\"canonical\" href=\"https:\/\/fonsalade.com\/en\/2021\/01\/29\/nomination-dun-nouveau-directeur-commercial\/\" \/>\n<meta property=\"og:locale\" content=\"en_GB\" \/>\n<meta property=\"og:type\" content=\"article\" \/>\n<meta property=\"og:title\" content=\"Nomination d\u2019un nouveau Directeur Commercial | Fonsalade\" \/>\n<meta property=\"og:description\" content=\"Laurent Causin a \u00e9t\u00e9 nomm\u00e9 Directeur Commercial du Ch\u00e2teau Fonsalade en ce d\u00e9but d&#039;ann\u00e9e 2021. Une nouvelle impulsion pour le domaine.\" \/>\n<meta property=\"og:url\" content=\"https:\/\/fonsalade.com\/en\/2021\/01\/29\/nomination-dun-nouveau-directeur-commercial\/\" \/>\n<meta property=\"og:site_name\" content=\"Fonsalade\" \/>\n<meta property=\"article:publisher\" content=\"https:\/\/www.facebook.com\/Fonsalade\" \/>\n<meta property=\"article:published_time\" content=\"2021-01-29T14:13:00+00:00\" \/>\n<meta property=\"article:modified_time\" content=\"2025-01-06T09:58:26+00:00\" \/>\n<meta name=\"author\" content=\"Fonsalade\" \/>\n<meta name=\"twitter:card\" content=\"summary_large_image\" \/>\n<meta name=\"twitter:creator\" content=\"@Fonsalade\" \/>\n<meta name=\"twitter:site\" content=\"@Fonsalade\" \/>\n<meta name=\"twitter:label1\" content=\"Written by\" \/>\n\t<meta name=\"twitter:data1\" content=\"Fonsalade\" \/>\n\t<meta name=\"twitter:label2\" content=\"Estimated reading time\" \/>\n\t<meta name=\"twitter:data2\" content=\"2 minutes\" \/>\n<script type=\"application\/ld+json\" class=\"yoast-schema-graph\">{\"@context\":\"https:\/\/schema.org\",\"@graph\":[{\"@type\":\"Article\",\"@id\":\"https:\/\/fonsalade.com\/2021\/01\/29\/nomination-dun-nouveau-directeur-commercial\/#article\",\"isPartOf\":{\"@id\":\"https:\/\/fonsalade.com\/2021\/01\/29\/nomination-dun-nouveau-directeur-commercial\/\"},\"author\":{\"name\":\"Fonsalade\",\"@id\":\"https:\/\/fonsalade.com\/#\/schema\/person\/4c17c5b19c94607beb723c815acccdff\"},\"headline\":\"Nomination d\u2019un nouveau Directeur Commercial\",\"datePublished\":\"2021-01-29T14:13:00+00:00\",\"dateModified\":\"2025-01-06T09:58:26+00:00\",\"mainEntityOfPage\":{\"@id\":\"https:\/\/fonsalade.com\/2021\/01\/29\/nomination-dun-nouveau-directeur-commercial\/\"},\"wordCount\":402,\"publisher\":{\"@id\":\"https:\/\/fonsalade.com\/#organization\"},\"articleSection\":[\"Actu\"],\"inLanguage\":\"en-GB\"},{\"@type\":\"WebPage\",\"@id\":\"https:\/\/fonsalade.com\/2021\/01\/29\/nomination-dun-nouveau-directeur-commercial\/\",\"url\":\"https:\/\/fonsalade.com\/2021\/01\/29\/nomination-dun-nouveau-directeur-commercial\/\",\"name\":\"Nomination d\u2019un nouveau Directeur Commercial | Fonsalade\",\"isPartOf\":{\"@id\":\"https:\/\/fonsalade.com\/#website\"},\"datePublished\":\"2021-01-29T14:13:00+00:00\",\"dateModified\":\"2025-01-06T09:58:26+00:00\",\"description\":\"Laurent Causin a \u00e9t\u00e9 nomm\u00e9 Directeur Commercial du Ch\u00e2teau Fonsalade en ce d\u00e9but d'ann\u00e9e 2021. Une nouvelle impulsion pour le domaine.\",\"breadcrumb\":{\"@id\":\"https:\/\/fonsalade.com\/2021\/01\/29\/nomination-dun-nouveau-directeur-commercial\/#breadcrumb\"},\"inLanguage\":\"en-GB\",\"potentialAction\":[{\"@type\":\"ReadAction\",\"target\":[\"https:\/\/fonsalade.com\/2021\/01\/29\/nomination-dun-nouveau-directeur-commercial\/\"]}]},{\"@type\":\"BreadcrumbList\",\"@id\":\"https:\/\/fonsalade.com\/2021\/01\/29\/nomination-dun-nouveau-directeur-commercial\/#breadcrumb\",\"itemListElement\":[{\"@type\":\"ListItem\",\"position\":1,\"name\":\"Accueil\",\"item\":\"https:\/\/fonsalade.com\/\"},{\"@type\":\"ListItem\",\"position\":2,\"name\":\"Nomination d\u2019un nouveau Directeur Commercial\"}]},{\"@type\":\"WebSite\",\"@id\":\"https:\/\/fonsalade.com\/#website\",\"url\":\"https:\/\/fonsalade.com\/\",\"name\":\"Fonsalade\",\"description\":\"Grand Vin du Languedoc\",\"publisher\":{\"@id\":\"https:\/\/fonsalade.com\/#organization\"},\"potentialAction\":[{\"@type\":\"SearchAction\",\"target\":{\"@type\":\"EntryPoint\",\"urlTemplate\":\"https:\/\/fonsalade.com\/?s={search_term_string}\"},\"query-input\":{\"@type\":\"PropertyValueSpecification\",\"valueRequired\":true,\"valueName\":\"search_term_string\"}}],\"inLanguage\":\"en-GB\"},{\"@type\":\"Organization\",\"@id\":\"https:\/\/fonsalade.com\/#organization\",\"name\":\"Ch\u00e2teau Fonsalade\",\"url\":\"https:\/\/fonsalade.com\/\",\"logo\":{\"@type\":\"ImageObject\",\"inLanguage\":\"en-GB\",\"@id\":\"https:\/\/fonsalade.com\/#\/schema\/logo\/image\/\",\"url\":\"https:\/\/fonsalade.com\/wp-content\/uploads\/2022\/02\/cropped-logo-Fonsalade.png\",\"contentUrl\":\"https:\/\/fonsalade.com\/wp-content\/uploads\/2022\/02\/cropped-logo-Fonsalade.png\",\"width\":300,\"height\":200,\"caption\":\"Ch\u00e2teau Fonsalade\"},\"image\":{\"@id\":\"https:\/\/fonsalade.com\/#\/schema\/logo\/image\/\"},\"sameAs\":[\"https:\/\/www.facebook.com\/Fonsalade\",\"https:\/\/x.com\/Fonsalade\",\"https:\/\/www.instagram.com\/chateau_fonsalade\/\",\"https:\/\/www.linkedin.com\/company\/chateau-fonsalade\/\"]},{\"@type\":\"Person\",\"@id\":\"https:\/\/fonsalade.com\/#\/schema\/person\/4c17c5b19c94607beb723c815acccdff\",\"name\":\"Fonsalade\",\"image\":{\"@type\":\"ImageObject\",\"inLanguage\":\"en-GB\",\"@id\":\"https:\/\/fonsalade.com\/#\/schema\/person\/image\/\",\"url\":\"https:\/\/secure.gravatar.com\/avatar\/e62db7c629c44865e21611c0bbb9c2fb6cdcc61cde2f2c8294ce1b683400d266?s=96&d=mm&r=g\",\"contentUrl\":\"https:\/\/secure.gravatar.com\/avatar\/e62db7c629c44865e21611c0bbb9c2fb6cdcc61cde2f2c8294ce1b683400d266?s=96&d=mm&r=g\",\"caption\":\"Fonsalade\"},\"sameAs\":[\"https:\/\/fonsalade.com\"],\"url\":\"https:\/\/fonsalade.com\/en\/author\/laurence\/\"}]}<\/script>\n<!-- \/ Yoast SEO plugin. -->","yoast_head_json":{"title":"Nomination d\u2019un nouveau Directeur Commercial | Fonsalade","description":"Laurent Causin a \u00e9t\u00e9 nomm\u00e9 Directeur Commercial du Ch\u00e2teau Fonsalade en ce d\u00e9but d'ann\u00e9e 2021. Une nouvelle impulsion pour le domaine.","robots":{"index":"index","follow":"follow","max-snippet":"max-snippet:-1","max-image-preview":"max-image-preview:large","max-video-preview":"max-video-preview:-1"},"canonical":"https:\/\/fonsalade.com\/en\/2021\/01\/29\/nomination-dun-nouveau-directeur-commercial\/","og_locale":"en_GB","og_type":"article","og_title":"Nomination d\u2019un nouveau Directeur Commercial | Fonsalade","og_description":"Laurent Causin a \u00e9t\u00e9 nomm\u00e9 Directeur Commercial du Ch\u00e2teau Fonsalade en ce d\u00e9but d'ann\u00e9e 2021. Une nouvelle impulsion pour le domaine.","og_url":"https:\/\/fonsalade.com\/en\/2021\/01\/29\/nomination-dun-nouveau-directeur-commercial\/","og_site_name":"Fonsalade","article_publisher":"https:\/\/www.facebook.com\/Fonsalade","article_published_time":"2021-01-29T14:13:00+00:00","article_modified_time":"2025-01-06T09:58:26+00:00","author":"Fonsalade","twitter_card":"summary_large_image","twitter_creator":"@Fonsalade","twitter_site":"@Fonsalade","twitter_misc":{"Written by":"Fonsalade","Estimated reading time":"2 minutes"},"schema":{"@context":"https:\/\/schema.org","@graph":[{"@type":"Article","@id":"https:\/\/fonsalade.com\/2021\/01\/29\/nomination-dun-nouveau-directeur-commercial\/#article","isPartOf":{"@id":"https:\/\/fonsalade.com\/2021\/01\/29\/nomination-dun-nouveau-directeur-commercial\/"},"author":{"name":"Fonsalade","@id":"https:\/\/fonsalade.com\/#\/schema\/person\/4c17c5b19c94607beb723c815acccdff"},"headline":"Nomination d\u2019un nouveau Directeur Commercial","datePublished":"2021-01-29T14:13:00+00:00","dateModified":"2025-01-06T09:58:26+00:00","mainEntityOfPage":{"@id":"https:\/\/fonsalade.com\/2021\/01\/29\/nomination-dun-nouveau-directeur-commercial\/"},"wordCount":402,"publisher":{"@id":"https:\/\/fonsalade.com\/#organization"},"articleSection":["Actu"],"inLanguage":"en-GB"},{"@type":"WebPage","@id":"https:\/\/fonsalade.com\/2021\/01\/29\/nomination-dun-nouveau-directeur-commercial\/","url":"https:\/\/fonsalade.com\/2021\/01\/29\/nomination-dun-nouveau-directeur-commercial\/","name":"Nomination d\u2019un nouveau Directeur Commercial | Fonsalade","isPartOf":{"@id":"https:\/\/fonsalade.com\/#website"},"datePublished":"2021-01-29T14:13:00+00:00","dateModified":"2025-01-06T09:58:26+00:00","description":"Laurent Causin a \u00e9t\u00e9 nomm\u00e9 Directeur Commercial du Ch\u00e2teau Fonsalade en ce d\u00e9but d'ann\u00e9e 2021. Une nouvelle impulsion pour le domaine.","breadcrumb":{"@id":"https:\/\/fonsalade.com\/2021\/01\/29\/nomination-dun-nouveau-directeur-commercial\/#breadcrumb"},"inLanguage":"en-GB","potentialAction":[{"@type":"ReadAction","target":["https:\/\/fonsalade.com\/2021\/01\/29\/nomination-dun-nouveau-directeur-commercial\/"]}]},{"@type":"BreadcrumbList","@id":"https:\/\/fonsalade.com\/2021\/01\/29\/nomination-dun-nouveau-directeur-commercial\/#breadcrumb","itemListElement":[{"@type":"ListItem","position":1,"name":"Accueil","item":"https:\/\/fonsalade.com\/"},{"@type":"ListItem","position":2,"name":"Nomination d\u2019un nouveau Directeur Commercial"}]},{"@type":"WebSite","@id":"https:\/\/fonsalade.com\/#website","url":"https:\/\/fonsalade.com\/","name":"Fonsalade","description":"Grand Vin du Languedoc","publisher":{"@id":"https:\/\/fonsalade.com\/#organization"},"potentialAction":[{"@type":"SearchAction","target":{"@type":"EntryPoint","urlTemplate":"https:\/\/fonsalade.com\/?s={search_term_string}"},"query-input":{"@type":"PropertyValueSpecification","valueRequired":true,"valueName":"search_term_string"}}],"inLanguage":"en-GB"},{"@type":"Organization","@id":"https:\/\/fonsalade.com\/#organization","name":"Ch\u00e2teau Fonsalade","url":"https:\/\/fonsalade.com\/","logo":{"@type":"ImageObject","inLanguage":"en-GB","@id":"https:\/\/fonsalade.com\/#\/schema\/logo\/image\/","url":"https:\/\/fonsalade.com\/wp-content\/uploads\/2022\/02\/cropped-logo-Fonsalade.png","contentUrl":"https:\/\/fonsalade.com\/wp-content\/uploads\/2022\/02\/cropped-logo-Fonsalade.png","width":300,"height":200,"caption":"Ch\u00e2teau Fonsalade"},"image":{"@id":"https:\/\/fonsalade.com\/#\/schema\/logo\/image\/"},"sameAs":["https:\/\/www.facebook.com\/Fonsalade","https:\/\/x.com\/Fonsalade","https:\/\/www.instagram.com\/chateau_fonsalade\/","https:\/\/www.linkedin.com\/company\/chateau-fonsalade\/"]},{"@type":"Person","@id":"https:\/\/fonsalade.com\/#\/schema\/person\/4c17c5b19c94607beb723c815acccdff","name":"Fonsalade","image":{"@type":"ImageObject","inLanguage":"en-GB","@id":"https:\/\/fonsalade.com\/#\/schema\/person\/image\/","url":"https:\/\/secure.gravatar.com\/avatar\/e62db7c629c44865e21611c0bbb9c2fb6cdcc61cde2f2c8294ce1b683400d266?s=96&d=mm&r=g","contentUrl":"https:\/\/secure.gravatar.com\/avatar\/e62db7c629c44865e21611c0bbb9c2fb6cdcc61cde2f2c8294ce1b683400d266?s=96&d=mm&r=g","caption":"Fonsalade"},"sameAs":["https:\/\/fonsalade.com"],"url":"https:\/\/fonsalade.com\/en\/author\/laurence\/"}]}},"_links":{"self":[{"href":"https:\/\/fonsalade.com\/en\/wp-json\/wp\/v2\/posts\/8475","targetHints":{"allow":["GET"]}}],"collection":[{"href":"https:\/\/fonsalade.com\/en\/wp-json\/wp\/v2\/posts"}],"about":[{"href":"https:\/\/fonsalade.com\/en\/wp-json\/wp\/v2\/types\/post"}],"author":[{"embeddable":true,"href":"https:\/\/fonsalade.com\/en\/wp-json\/wp\/v2\/users\/1"}],"replies":[{"embeddable":true,"href":"https:\/\/fonsalade.com\/en\/wp-json\/wp\/v2\/comments?post=8475"}],"version-history":[{"count":12,"href":"https:\/\/fonsalade.com\/en\/wp-json\/wp\/v2\/posts\/8475\/revisions"}],"predecessor-version":[{"id":8487,"href":"https:\/\/fonsalade.com\/en\/wp-json\/wp\/v2\/posts\/8475\/revisions\/8487"}],"wp:attachment":[{"href":"https:\/\/fonsalade.com\/en\/wp-json\/wp\/v2\/media?parent=8475"}],"wp:term":[{"taxonomy":"category","embeddable":true,"href":"https:\/\/fonsalade.com\/en\/wp-json\/wp\/v2\/categories?post=8475"},{"taxonomy":"post_tag","embeddable":true,"href":"https:\/\/fonsalade.com\/en\/wp-json\/wp\/v2\/tags?post=8475"}],"curies":[{"name":"wp","href":"https:\/\/api.w.org\/{rel}","templated":true}]}}